{"id":270,"date":"2012-05-04T12:30:36","date_gmt":"2012-05-04T12:30:36","guid":{"rendered":"https:\/\/newgeneration5479.live-website.com\/?p=270"},"modified":"2012-05-15T10:20:06","modified_gmt":"2012-05-15T10:20:06","slug":"unsere-kleinsten-bei-der-awo","status":"publish","type":"post","link":"https:\/\/newgeneration-burg.de\/?p=270","title":{"rendered":"Unsere Kleinsten zu Gast bei der AWO"},"content":{"rendered":"<p><a href=\"https:\/\/newgeneration5479.live-website.com\/wp-content\/uploads\/2012\/05\/Fr\u00fchlingsfest2012-1.jpg\"><img loading=\"lazy\" decoding=\"async\" class=\"alignright size-medium wp-image-296\" title=\"Fr\u00fchlingsfest der AWO 2012\" src=\"https:\/\/newgeneration5479.live-website.com\/wp-content\/uploads\/2012\/05\/Fr\u00fchlingsfest2012-1-300x224.jpg\" alt=\"\" width=\"300\" height=\"224\" srcset=\"https:\/\/newgeneration-burg.de\/wp-content\/uploads\/2012\/05\/Fr\u00fchlingsfest2012-1-300x224.jpg 300w, https:\/\/newgeneration-burg.de\/wp-content\/uploads\/2012\/05\/Fr\u00fchlingsfest2012-1-1024x768.jpg 1024w, https:\/\/newgeneration-burg.de\/wp-content\/uploads\/2012\/05\/Fr\u00fchlingsfest2012-1.jpg 2032w\" sizes=\"auto, (max-width: 300px) 100vw, 300px\" \/><\/a>Die Beteiligung unserer Nachwuchsch\u00f6re bei Veranstaltungen der Herborner Arbeiterwohlfahrt ist mittlerweile schon Tradition. So waren unsere Kinder von <em>DoReMi<\/em> auch in diesem Jahr wieder beim Fr\u00fchlingsfest dabei und erfreuten in Begleitung ihrer Chorleiterin Sandra Sauerwald die rund 100 G\u00e4ste mit lustigen Gesangseinlagen. Belohnt wurden die jungen S\u00e4ngerinnen und S\u00e4nger mit einem Eis und viel Beifall.<\/p>\n","protected":false},"excerpt":{"rendered":"<p>Die Beteiligung unserer Nachwuchsch\u00f6re bei Veranstaltungen der Herborner Arbeiterwohlfahrt ist mittlerweile schon Tradition. So waren unsere Kinder von DoReMi auch in diesem Jahr wieder beim Fr\u00fchlingsfest dabei und erfreuten in Begleitung ihrer Chorleiterin Sandra Sauerwald die rund 100 G\u00e4ste mit &hellip; <a href=\"https:\/\/newgeneration-burg.de\/?p=270\">Weiterlesen <span class=\"meta-nav\">&rarr;<\/span><\/a><\/p>\n","protected":false},"author":6,"featured_media":0,"comment_status":"closed","ping_status":"closed","sticky":false,"template":"","format":"standard","meta":{"ngg_post_thumbnail":0,"footnotes":""},"categories":[6],"tags":[],"class_list":["post-270","post","type-post","status-publish","format-standard","hentry","category-auftritte"],"_links":{"self":[{"href":"https:\/\/newgeneration-burg.de\/index.php?rest_route=\/wp\/v2\/posts\/270","targetHints":{"allow":["GET"]}}],"collection":[{"href":"https:\/\/newgeneration-burg.de\/index.php?rest_route=\/wp\/v2\/posts"}],"about":[{"href":"https:\/\/newgeneration-burg.de\/index.php?rest_route=\/wp\/v2\/types\/post"}],"author":[{"embeddable":true,"href":"https:\/\/newgeneration-burg.de\/index.php?rest_route=\/wp\/v2\/users\/6"}],"replies":[{"embeddable":true,"href":"https:\/\/newgeneration-burg.de\/index.php?rest_route=%2Fwp%2Fv2%2Fcomments&post=270"}],"version-history":[{"count":7,"href":"https:\/\/newgeneration-burg.de\/index.php?rest_route=\/wp\/v2\/posts\/270\/revisions"}],"predecessor-version":[{"id":413,"href":"https:\/\/newgeneration-burg.de\/index.php?rest_route=\/wp\/v2\/posts\/270\/revisions\/413"}],"wp:attachment":[{"href":"https:\/\/newgeneration-burg.de\/index.php?rest_route=%2Fwp%2Fv2%2Fmedia&parent=270"}],"wp:term":[{"taxonomy":"category","embeddable":true,"href":"https:\/\/newgeneration-burg.de\/index.php?rest_route=%2Fwp%2Fv2%2Fcategories&post=270"},{"taxonomy":"post_tag","embeddable":true,"href":"https:\/\/newgeneration-burg.de\/index.php?rest_route=%2Fwp%2Fv2%2Ftags&post=270"}],"curies":[{"name":"wp","href":"https:\/\/api.w.org\/{rel}","templated":true}]}}